{"id":2062,"date":"2020-12-13T09:57:33","date_gmt":"2020-12-13T08:57:33","guid":{"rendered":"https:\/\/unmarziano.apescara.net\/?p=2062"},"modified":"2026-01-08T12:52:58","modified_gmt":"2026-01-08T11:52:58","slug":"in-nome-dei-soldi-che-importa-la-vita","status":"publish","type":"post","link":"https:\/\/unmarziano.apescara.net\/?p=2062","title":{"rendered":"In nome dei soldi, che importa la vita?"},"content":{"rendered":"<p>Leggo su <a href=\"https:\/\/www.ilcentro.it\/abruzzo\/imprese-commercianti-e-artigiani-invocano-la-zona-gialla-prima-di-natale-1.2543075\"><strong>Il Centro<\/strong><\/a> che<\/p>\n<blockquote><p>Imprese, commercianti e artigiani invocano la zona gialla prima di Natale.<\/p><\/blockquote>\n<p>La velocit\u00e0 della luce &#8211; come disse Piero Angela &#8211; non si decide per alzata di mano. Allo stesso modo, la gravit\u00e0 della diffusione del COVID-19 non si decide per ordinanza (nazionale o regionale).<\/p>\n<p>Sarebbe bello se ci fosse un modo per confinare commercianti e clienti in un &#8220;lazzaretto commerciale&#8221; in modo da evitare che, a causa della loro irrefrenabile necessit\u00e0 di &#8220;comprare&#8221;, infettino altri &#8220;innocenti&#8221;, e in modo che eventuali contagi rimangano confinati a loro e al loro ambito familiare.<\/p>\n<p>Purtroppo, per\u00f2, questo modo non c&#8217;\u00e8 e ci toccher\u00e0 subire le conseguenze negative di questa irresponsabilit\u00e0 sociale.<\/p>\n","protected":false},"excerpt":{"rendered":"<p>Leggo su Il Centro che Imprese, commercianti e artigiani invocano la zona gialla prima di Natale. La velocit\u00e0 della luce &#8211; come disse Piero Angela &#8211; non si decide per alzata di mano. Allo stesso modo, la gravit\u00e0 della diffusione del COVID-19 non si decide per ordinanza (nazionale o regionale). Sarebbe bello se ci fosse&hellip;<\/p>\n","protected":false},"author":1,"featured_media":0,"comment_status":"closed","ping_status":"closed","sticky":false,"template":"","format":"standard","meta":{"jetpack_post_was_ever_published":true,"_jetpack_newsletter_access":"","_jetpack_dont_email_post_to_subs":false,"_jetpack_newsletter_tier_id":0,"_jetpack_memberships_contains_paywalled_content":false,"_jetpack_memberships_contains_paid_content":false,"footnotes":""},"categories":[6,12,11],"tags":[],"class_list":["post-2062","post","type-post","status-publish","format-standard","hentry","category-il-sonno","category-la-sanita","category-ordine-pubblico"],"jetpack_featured_media_url":"","jetpack_shortlink":"https:\/\/wp.me\/pa965-xg","jetpack_sharing_enabled":true,"_links":{"self":[{"href":"https:\/\/unmarziano.apescara.net\/index.php?rest_route=\/wp\/v2\/posts\/2062","targetHints":{"allow":["GET"]}}],"collection":[{"href":"https:\/\/unmarziano.apescara.net\/index.php?rest_route=\/wp\/v2\/posts"}],"about":[{"href":"https:\/\/unmarziano.apescara.net\/index.php?rest_route=\/wp\/v2\/types\/post"}],"author":[{"embeddable":true,"href":"https:\/\/unmarziano.apescara.net\/index.php?rest_route=\/wp\/v2\/users\/1"}],"replies":[{"embeddable":true,"href":"https:\/\/unmarziano.apescara.net\/index.php?rest_route=%2Fwp%2Fv2%2Fcomments&post=2062"}],"version-history":[{"count":1,"href":"https:\/\/unmarziano.apescara.net\/index.php?rest_route=\/wp\/v2\/posts\/2062\/revisions"}],"predecessor-version":[{"id":2063,"href":"https:\/\/unmarziano.apescara.net\/index.php?rest_route=\/wp\/v2\/posts\/2062\/revisions\/2063"}],"wp:attachment":[{"href":"https:\/\/unmarziano.apescara.net\/index.php?rest_route=%2Fwp%2Fv2%2Fmedia&parent=2062"}],"wp:term":[{"taxonomy":"category","embeddable":true,"href":"https:\/\/unmarziano.apescara.net\/index.php?rest_route=%2Fwp%2Fv2%2Fcategories&post=2062"},{"taxonomy":"post_tag","embeddable":true,"href":"https:\/\/unmarziano.apescara.net\/index.php?rest_route=%2Fwp%2Fv2%2Ftags&post=2062"}],"curies":[{"name":"wp","href":"https:\/\/api.w.org\/{rel}","templated":true}]}}