{"id":1721,"date":"2015-06-16T19:45:57","date_gmt":"2015-06-16T17:45:57","guid":{"rendered":"http:\/\/unmarziano.apescara.net\/?p=1721"},"modified":"2026-01-17T05:58:17","modified_gmt":"2026-01-17T04:58:17","slug":"nella-terra-dei-fuochi-unaltra-discarica-abusiva-piu-grande-deuropa-bussi-ha-perso-il-suo-primato","status":"publish","type":"post","link":"https:\/\/unmarziano.apescara.net\/?p=1721","title":{"rendered":"Nella Terra dei fuochi un&#8217;altra discarica abusiva pi\u00f9 grande d&#8217;Europa. Bussi ha perso il suo primato"},"content":{"rendered":"<p>E cos\u00ec la discarica abusiva di Bussi non \u00e8 pi\u00f9 &#8220;la pi\u00f9 grande d&#8217;Europa&#8221; perch\u00e9 il primato spetta <a href=\"http:\/\/www.ilfattoquotidiano.it\/2015\/06\/16\/terra-dei-fuochi-maxi-discarica-abusiva-a-calvi-risorta-la-piu-grande-deuropa-i-pm-analisi-per-stabilire-dannosita\/1782945\/\"><strong>a quella trovata sotto la Terra dei fuochi<\/strong><\/a>.<\/p>\n","protected":false},"excerpt":{"rendered":"<p>E cos\u00ec la discarica abusiva di Bussi non \u00e8 pi\u00f9 &#8220;la pi\u00f9 grande d&#8217;Europa&#8221; perch\u00e9 il primato spetta a quella trovata sotto la Terra dei fuochi.<\/p>\n","protected":false},"author":1,"featured_media":0,"comment_status":"open","ping_status":"closed","sticky":false,"template":"","format":"standard","meta":{"jetpack_post_was_ever_published":true,"_jetpack_newsletter_access":"","_jetpack_dont_email_post_to_subs":false,"_jetpack_newsletter_tier_id":0,"_jetpack_memberships_contains_paywalled_content":false,"_jetpack_memberships_contains_paid_content":false,"footnotes":""},"categories":[15,6],"tags":[],"class_list":["post-1721","post","type-post","status-publish","format-standard","hentry","category-il-potere","category-il-sonno"],"jetpack_featured_media_url":"","jetpack_shortlink":"https:\/\/wp.me\/pa965-rL","jetpack_sharing_enabled":true,"_links":{"self":[{"href":"https:\/\/unmarziano.apescara.net\/index.php?rest_route=\/wp\/v2\/posts\/1721","targetHints":{"allow":["GET"]}}],"collection":[{"href":"https:\/\/unmarziano.apescara.net\/index.php?rest_route=\/wp\/v2\/posts"}],"about":[{"href":"https:\/\/unmarziano.apescara.net\/index.php?rest_route=\/wp\/v2\/types\/post"}],"author":[{"embeddable":true,"href":"https:\/\/unmarziano.apescara.net\/index.php?rest_route=\/wp\/v2\/users\/1"}],"replies":[{"embeddable":true,"href":"https:\/\/unmarziano.apescara.net\/index.php?rest_route=%2Fwp%2Fv2%2Fcomments&post=1721"}],"version-history":[{"count":1,"href":"https:\/\/unmarziano.apescara.net\/index.php?rest_route=\/wp\/v2\/posts\/1721\/revisions"}],"predecessor-version":[{"id":1722,"href":"https:\/\/unmarziano.apescara.net\/index.php?rest_route=\/wp\/v2\/posts\/1721\/revisions\/1722"}],"wp:attachment":[{"href":"https:\/\/unmarziano.apescara.net\/index.php?rest_route=%2Fwp%2Fv2%2Fmedia&parent=1721"}],"wp:term":[{"taxonomy":"category","embeddable":true,"href":"https:\/\/unmarziano.apescara.net\/index.php?rest_route=%2Fwp%2Fv2%2Fcategories&post=1721"},{"taxonomy":"post_tag","embeddable":true,"href":"https:\/\/unmarziano.apescara.net\/index.php?rest_route=%2Fwp%2Fv2%2Ftags&post=1721"}],"curies":[{"name":"wp","href":"https:\/\/api.w.org\/{rel}","templated":true}]}}